{"id":44306,"date":"2025-07-09T06:29:01","date_gmt":"2025-07-09T06:29:01","guid":{"rendered":"https:\/\/www.winter-markiertechnik.com\/?p=44306"},"modified":"2025-07-09T06:29:01","modified_gmt":"2025-07-09T06:29:01","slug":"alles-gute-fuer-den-neuen-lebensabschnitt-liebe-birgit-%f0%9f%8e%89","status":"publish","type":"post","link":"https:\/\/www.winter-markiertechnik.com\/en\/alles-gute-fuer-den-neuen-lebensabschnitt-liebe-birgit-%f0%9f%8e%89\/","title":{"rendered":"Alles Gute f\u00fcr den neuen Lebensabschnitt, liebe Birgit! \ud83c\udf89"},"content":{"rendered":"<p>Nach vielen Jahren voller Engagement, Herzlichkeit und unz\u00e4hligen gemeinsamen Momenten verabschieden wir heute unsere liebe Kollegin Birgit Serci&nbsp;in den wohlverdienten Ruhestand. \ud83d\udc90<\/p><p>Wir sagen DANKE f\u00fcr deinen unerm\u00fcdlichen Einsatz, deine Unterst\u00fctzung und die vielen sch\u00f6nen Erinnerungen, die du hinterl\u00e4sst.<\/p><p>Wir w\u00fcnschen dir f\u00fcr die Zukunft nur das Beste: Gesundheit, Gl\u00fcck und ganz viele neue Abenteuer!<\/p><p>Genie\u00df die Zeit, Birgit \u2013 du hast sie dir mehr als verdient.<\/p><p><\/p>","protected":false},"excerpt":{"rendered":"<p>Nach vielen Jahren voller Engagement, Herzlichkeit und unz\u00e4hligen gemeinsamen Momenten verabschieden wir heute unsere liebe Kollegin Birgit Serci\u00a0in den wohlverdienten Ruhestand. \ud83d\udc90<\/p>","protected":false},"author":1,"featured_media":44307,"comment_status":"open","ping_status":"open","sticky":false,"template":"","format":"standard","meta":{"footnotes":""},"categories":[81],"tags":[],"class_list":["post-44306","post","type-post","status-publish","format-standard","has-post-thumbnail","hentry","category-nicht-kategorisiert-de"],"_links":{"self":[{"href":"https:\/\/www.winter-markiertechnik.com\/en\/wp-json\/wp\/v2\/posts\/44306","targetHints":{"allow":["GET"]}}],"collection":[{"href":"https:\/\/www.winter-markiertechnik.com\/en\/wp-json\/wp\/v2\/posts"}],"about":[{"href":"https:\/\/www.winter-markiertechnik.com\/en\/wp-json\/wp\/v2\/types\/post"}],"author":[{"embeddable":true,"href":"https:\/\/www.winter-markiertechnik.com\/en\/wp-json\/wp\/v2\/users\/1"}],"replies":[{"embeddable":true,"href":"https:\/\/www.winter-markiertechnik.com\/en\/wp-json\/wp\/v2\/comments?post=44306"}],"version-history":[{"count":1,"href":"https:\/\/www.winter-markiertechnik.com\/en\/wp-json\/wp\/v2\/posts\/44306\/revisions"}],"predecessor-version":[{"id":44308,"href":"https:\/\/www.winter-markiertechnik.com\/en\/wp-json\/wp\/v2\/posts\/44306\/revisions\/44308"}],"wp:featuredmedia":[{"embeddable":true,"href":"https:\/\/www.winter-markiertechnik.com\/en\/wp-json\/wp\/v2\/media\/44307"}],"wp:attachment":[{"href":"https:\/\/www.winter-markiertechnik.com\/en\/wp-json\/wp\/v2\/media?parent=44306"}],"wp:term":[{"taxonomy":"category","embeddable":true,"href":"https:\/\/www.winter-markiertechnik.com\/en\/wp-json\/wp\/v2\/categories?post=44306"},{"taxonomy":"post_tag","embeddable":true,"href":"https:\/\/www.winter-markiertechnik.com\/en\/wp-json\/wp\/v2\/tags?post=44306"}],"curies":[{"name":"wp","href":"https:\/\/api.w.org\/{rel}","templated":true}]}}