{"id":43991,"date":"2023-01-18T06:44:00","date_gmt":"2023-01-18T06:44:00","guid":{"rendered":"https:\/\/www.winter-markiertechnik.com\/?p=43991"},"modified":"2025-03-18T06:58:39","modified_gmt":"2025-03-18T06:58:39","slug":"e-power-tour-2023-2","status":"publish","type":"post","link":"https:\/\/www.winter-markiertechnik.com\/en\/e-power-tour-2023-2\/","title":{"rendered":"E-POWER Tour 2023"},"content":{"rendered":"<p>Besuchen Sie Graco und WINTER Markiertechnik auf der Graco E-POWER Tour.<\/p><p>Vier Tage k\u00f6nnen Sie an Live-Produktdemonstrationen teilnehmen und die elektrischen Markierungsl\u00f6sungen von Graco entdecken.<\/p><p>Es ist die perfekte Gelegenheit, mit den Experten von Graco und WINTER Markiertechnik zu sprechen und die Fahrbahnmarkierungsger\u00e4te und Originalzubeh\u00f6rteile von Graco auszuprobieren und zu erleben.<\/p><p><strong>Termine:<\/strong><\/p><p><strong>24.04.2023<\/strong>&nbsp;&nbsp; Siegener Str. 81 &#8211; 83, 57234 Wilnsdorf<\/p><p><strong>25.04.2023<\/strong>&nbsp;&nbsp; Luisenberger Stra\u00dfe 1a, 25548 Kellinghusen<\/p><p><strong>26.04.2023<\/strong>&nbsp;&nbsp; Handelsstra\u00dfe 22a, 04420 Markranst\u00e4dt \/ OT Frankenheim<\/p><p><strong>27.04.2023<\/strong>&nbsp;&nbsp; Viktor-Frankl-Stra\u00dfe 23, 86916 Kaufering<\/p><p><strong>Wir freuen uns darauf, Sie begr\u00fc\u00dfen zu d\u00fcrfen!<\/strong><\/p><p><\/p>","protected":false},"excerpt":{"rendered":"<p>Besuchen Sie Graco und WINTER Markiertechnik auf der Graco E-POWER Tour.<\/p>","protected":false},"author":1,"featured_media":43992,"comment_status":"open","ping_status":"open","sticky":false,"template":"","format":"standard","meta":{"footnotes":""},"categories":[156],"tags":[],"class_list":["post-43991","post","type-post","status-publish","format-standard","has-post-thumbnail","hentry","category-allgemein-en"],"_links":{"self":[{"href":"https:\/\/www.winter-markiertechnik.com\/en\/wp-json\/wp\/v2\/posts\/43991","targetHints":{"allow":["GET"]}}],"collection":[{"href":"https:\/\/www.winter-markiertechnik.com\/en\/wp-json\/wp\/v2\/posts"}],"about":[{"href":"https:\/\/www.winter-markiertechnik.com\/en\/wp-json\/wp\/v2\/types\/post"}],"author":[{"embeddable":true,"href":"https:\/\/www.winter-markiertechnik.com\/en\/wp-json\/wp\/v2\/users\/1"}],"replies":[{"embeddable":true,"href":"https:\/\/www.winter-markiertechnik.com\/en\/wp-json\/wp\/v2\/comments?post=43991"}],"version-history":[{"count":4,"href":"https:\/\/www.winter-markiertechnik.com\/en\/wp-json\/wp\/v2\/posts\/43991\/revisions"}],"predecessor-version":[{"id":44008,"href":"https:\/\/www.winter-markiertechnik.com\/en\/wp-json\/wp\/v2\/posts\/43991\/revisions\/44008"}],"wp:featuredmedia":[{"embeddable":true,"href":"https:\/\/www.winter-markiertechnik.com\/en\/wp-json\/wp\/v2\/media\/43992"}],"wp:attachment":[{"href":"https:\/\/www.winter-markiertechnik.com\/en\/wp-json\/wp\/v2\/media?parent=43991"}],"wp:term":[{"taxonomy":"category","embeddable":true,"href":"https:\/\/www.winter-markiertechnik.com\/en\/wp-json\/wp\/v2\/categories?post=43991"},{"taxonomy":"post_tag","embeddable":true,"href":"https:\/\/www.winter-markiertechnik.com\/en\/wp-json\/wp\/v2\/tags?post=43991"}],"curies":[{"name":"wp","href":"https:\/\/api.w.org\/{rel}","templated":true}]}}