{"id":43985,"date":"2023-03-18T06:39:26","date_gmt":"2023-03-18T06:39:26","guid":{"rendered":"https:\/\/www.winter-markiertechnik.com\/?p=43985"},"modified":"2025-03-18T07:18:18","modified_gmt":"2025-03-18T07:18:18","slug":"e-power-tour-2023","status":"publish","type":"post","link":"https:\/\/www.winter-markiertechnik.com\/en\/e-power-tour-2023\/","title":{"rendered":"E-POWER Tour 2023"},"content":{"rendered":"<p>Exzellente Technik, die begeistert \u2013 die E-POWER Tour von Graco und Winter Markiertechnik war rundum gelungen.<br>Auf gro\u00dfer Deutschland-Tour fanden vom 24. \u2013 27. April Demo-Veranstaltungen in Wilnsdorf, Kellinghusen, Markranst\u00e4dt und Kaufering statt.<\/p><p>Die Besucher waren beeindruckt von den Vorteilen der elektrischen Airless Markierger\u00e4te &#8211; Bedienerkomfort und Umweltfreundlichkeit bei maximaler Leistung. Da bleiben keine W\u00fcnsche offen.<\/p><p>Gelegenheit verpasst? Kein Problem, Anfragen f\u00fcr n\u00e4here Produkt- und Preisinformationen gerne an:<br><a href=\"mailto:sales@winter-markiertechnik.com\">sales@winter-markiertechnik.com<\/a>.&nbsp;<\/p><p>Ein herzliches Dankesch\u00f6n an die Firma Bituleit f\u00fcr die freundliche Unterst\u00fctzung und Bereitstellung der \u00d6rtlichkeiten.<\/p><p><\/p>","protected":false},"excerpt":{"rendered":"<p>Exzellente Technik, die begeistert \u2013 die E-POWER Tour von Graco und Winter Markiertechnik war rundum gelungen.Auf gro\u00dfer Deutschland-Tour fanden vom 24. \u2013 27. April Demo-Veranstaltungen in Wilnsdorf, Kellinghusen, Markranst\u00e4dt und Kaufering statt. Die Besucher waren beeindruckt von den Vorteilen der elektrischen Airless Markierger\u00e4te &#8211; Bedienerkomfort und Umweltfreundlichkeit bei maximaler Leistung. Da bleiben keine W\u00fcnsche offen. [&hellip;]<\/p>","protected":false},"author":1,"featured_media":43986,"comment_status":"open","ping_status":"open","sticky":false,"template":"","format":"standard","meta":{"footnotes":""},"categories":[156],"tags":[],"class_list":["post-43985","post","type-post","status-publish","format-standard","has-post-thumbnail","hentry","category-allgemein-en"],"_links":{"self":[{"href":"https:\/\/www.winter-markiertechnik.com\/en\/wp-json\/wp\/v2\/posts\/43985","targetHints":{"allow":["GET"]}}],"collection":[{"href":"https:\/\/www.winter-markiertechnik.com\/en\/wp-json\/wp\/v2\/posts"}],"about":[{"href":"https:\/\/www.winter-markiertechnik.com\/en\/wp-json\/wp\/v2\/types\/post"}],"author":[{"embeddable":true,"href":"https:\/\/www.winter-markiertechnik.com\/en\/wp-json\/wp\/v2\/users\/1"}],"replies":[{"embeddable":true,"href":"https:\/\/www.winter-markiertechnik.com\/en\/wp-json\/wp\/v2\/comments?post=43985"}],"version-history":[{"count":1,"href":"https:\/\/www.winter-markiertechnik.com\/en\/wp-json\/wp\/v2\/posts\/43985\/revisions"}],"predecessor-version":[{"id":43987,"href":"https:\/\/www.winter-markiertechnik.com\/en\/wp-json\/wp\/v2\/posts\/43985\/revisions\/43987"}],"wp:featuredmedia":[{"embeddable":true,"href":"https:\/\/www.winter-markiertechnik.com\/en\/wp-json\/wp\/v2\/media\/43986"}],"wp:attachment":[{"href":"https:\/\/www.winter-markiertechnik.com\/en\/wp-json\/wp\/v2\/media?parent=43985"}],"wp:term":[{"taxonomy":"category","embeddable":true,"href":"https:\/\/www.winter-markiertechnik.com\/en\/wp-json\/wp\/v2\/categories?post=43985"},{"taxonomy":"post_tag","embeddable":true,"href":"https:\/\/www.winter-markiertechnik.com\/en\/wp-json\/wp\/v2\/tags?post=43985"}],"curies":[{"name":"wp","href":"https:\/\/api.w.org\/{rel}","templated":true}]}}